{"id":4652,"date":"2021-04-28T17:55:26","date_gmt":"2021-04-28T15:55:26","guid":{"rendered":"http:\/\/www.mediaost.de\/?p=4652"},"modified":"2021-04-28T17:56:26","modified_gmt":"2021-04-28T15:56:26","slug":"trinationales-projekt-zur-forderung-von-integrationsstrategien","status":"publish","type":"post","link":"https:\/\/www.mediaost.de\/en\/trinationales-projekt-zur-forderung-von-integrationsstrategien\/","title":{"rendered":"Trinationales Projekt zur F\u00f6rderung von Integrationsstrategien"},"content":{"rendered":"<p style=\"text-align: justify;\">\u201eNo borders integration\u201c hei\u00dft das neueste Projekt der Mediaost GmbH, das den Austausch zwischen deutschen, franz\u00f6sischen und russischen Fl\u00fcchtlings- und Migrantenorganisationen f\u00f6rdert. Ziel des Projekts ist es, Vertreter der russischen Zivilgesellschaft aus dem Bildungsbereich mit Kenntnissen deutscher und franz\u00f6sischer MigrationsexpertInnen, NGOs und SozialunternehmerInnen auf dem Gebiet der europ\u00e4ischen Migrationspolitik und ihren Best-Practices zur Integration von Kindern und Jugendlichen mit Migrationserfahrung auszustatten. Gemeinsam mit starken Projektpartnern aus Frankreich, Deutschland und Russland werden dazu zwei Bildungsreisen nach Deutschland und Frankreich durchgef\u00fchrt. Neues Wissen wird im Anschluss von den russischen ProjektteilnehmerInnen an ihre KollegInnen multipliziert und in Form neuer Projekte adaptiert.<\/p>\n<p style=\"text-align: justify;\"><a href=\"http:\/\/www.mediaost.de\/wp-content\/uploads\/2014\/08\/PHOTO-2018-06-26-02-38-11_4.jpg\"><img loading=\"lazy\" decoding=\"async\" alt=\"PHOTO-2018-06-26-02-38-11_4\" src=\"http:\/\/www.mediaost.de\/wp-content\/uploads\/2014\/08\/PHOTO-2018-06-26-02-38-11_4.jpg\" width=\"952\" height=\"630\" \/><\/a><\/p>\n<p style=\"text-align: justify;\">Die erste Bildungsreise nach Frankreich fand vom 18. bis 22. Juni statt. Lesen Sie dazu unsere\u00a0<strong>erste Pressemitteilung<\/strong>\u00a0<strong><span style=\"color: #993300;\"><a href=\"http:\/\/www.mediaost.de\/wp-content\/uploads\/2014\/08\/PM_1_bezhenzy_dt1.pdf\"><span style=\"color: #993300;\">hier<\/span><\/a><\/span><\/strong>.<\/p>\n<p style=\"text-align: justify;\">Unsere\u00a0<strong>zweite Pressemitteilung<\/strong>\u00a0zum Treffen in Berlin vom 20. bis 26. August 2018 finden Sie\u00a0<strong><span style=\"color: #993300;\"><a href=\"http:\/\/www.mediaost.de\/wp-content\/uploads\/2014\/08\/PM_NBI_FIN1.pdf\"><span style=\"color: #993300;\">hier<\/span><\/a><\/span><\/strong>. Die\u00a0<strong>dritte Pressemitteilung<\/strong>\u00a0zum Treffen in Moskau vom 29. bis 30. Oktober 2018 finden Sie\u00a0<strong><span style=\"color: #993300;\"><a href=\"http:\/\/www.mediaost.de\/wp-content\/uploads\/2018\/11\/Pressemitteilung_No-Borders-Integration.pdf\"><span style=\"color: #993300;\">hier<\/span><\/a><\/span><\/strong>. F\u00fcr einen allgemeinen \u00dcberblick zum Projekt rufen Sie bitte die\u00a0<strong>Pressemappe<\/strong>\u00a0<strong><span style=\"color: #993300;\"><a href=\"http:\/\/www.mediaost.de\/wp-content\/uploads\/2014\/08\/No-Borders-Integration_Pressemappe_FIN.pdf\"><span style=\"color: #993300;\">hier<\/span><\/a><\/span><\/strong>\u00a0auf.<\/p>\n<p style=\"text-align: justify;\"><strong><span style=\"color: #999999;\">\u201eNo borders integration\u201c wird vom Ausw\u00e4rtigen Amt im Rahmen des \u00d6PR-Programms zum Ausbau der Zusammenarbeit mit der Zivilgesellschaft in den L\u00e4ndern der \u00d6stlichen Partnerschaft und Russland gef\u00f6rdert.<\/span><\/strong><\/p>\n<p><a href=\"http:\/\/www.mediaost.de\/wp-content\/uploads\/2014\/08\/aa.png\"><img loading=\"lazy\" decoding=\"async\" class=\"size-full wp-image-3664 aligncenter\" alt=\"aa\" src=\"http:\/\/www.mediaost.de\/wp-content\/uploads\/2014\/08\/aa.png\" width=\"301\" height=\"167\" srcset=\"https:\/\/www.mediaost.de\/wp-content\/uploads\/2014\/08\/aa.png 301w, https:\/\/www.mediaost.de\/wp-content\/uploads\/2014\/08\/aa-300x166.png 300w\" sizes=\"auto, (max-width: 301px) 100vw, 301px\" \/><\/a><\/p>\n","protected":false},"excerpt":{"rendered":"<p>\u201eNo borders integration\u201c hei\u00dft das neueste Projekt der Mediaost GmbH, das den Austausch zwischen deutschen, franz\u00f6sischen und russischen Fl\u00fcchtlings- und Migrantenorganisationen f\u00f6rdert. Ziel des Projekts ist es, Vertreter der russischen Zivilgesellschaft aus dem Bildungsbereich mit Kenntnissen deutscher und franz\u00f6sischer MigrationsexpertInnen, NGOs und SozialunternehmerInnen auf dem Gebiet &hellip; <\/p>\n<p><a href=\"https:\/\/www.mediaost.de\/en\/trinationales-projekt-zur-forderung-von-integrationsstrategien\/\" class=\"more-link\"><span class=\"morelink-icon\">Read more<\/span><\/a><\/p>\n","protected":false},"author":1,"featured_media":4546,"comment_status":"closed","ping_status":"closed","sticky":false,"template":"","format":"standard","meta":{"footnotes":""},"categories":[1],"tags":[],"class_list":["post-4652","post","type-post","status-publish","format-standard","has-post-thumbnail","hentry","category-uncategorized"],"_links":{"self":[{"href":"https:\/\/www.mediaost.de\/en\/wp-json\/wp\/v2\/posts\/4652","targetHints":{"allow":["GET"]}}],"collection":[{"href":"https:\/\/www.mediaost.de\/en\/wp-json\/wp\/v2\/posts"}],"about":[{"href":"https:\/\/www.mediaost.de\/en\/wp-json\/wp\/v2\/types\/post"}],"author":[{"embeddable":true,"href":"https:\/\/www.mediaost.de\/en\/wp-json\/wp\/v2\/users\/1"}],"replies":[{"embeddable":true,"href":"https:\/\/www.mediaost.de\/en\/wp-json\/wp\/v2\/comments?post=4652"}],"version-history":[{"count":0,"href":"https:\/\/www.mediaost.de\/en\/wp-json\/wp\/v2\/posts\/4652\/revisions"}],"wp:featuredmedia":[{"embeddable":true,"href":"https:\/\/www.mediaost.de\/en\/wp-json\/wp\/v2\/media\/4546"}],"wp:attachment":[{"href":"https:\/\/www.mediaost.de\/en\/wp-json\/wp\/v2\/media?parent=4652"}],"wp:term":[{"taxonomy":"category","embeddable":true,"href":"https:\/\/www.mediaost.de\/en\/wp-json\/wp\/v2\/categories?post=4652"},{"taxonomy":"post_tag","embeddable":true,"href":"https:\/\/www.mediaost.de\/en\/wp-json\/wp\/v2\/tags?post=4652"}],"curies":[{"name":"wp","href":"https:\/\/api.w.org\/{rel}","templated":true}]}}