{"id":4704,"date":"2021-05-05T12:08:54","date_gmt":"2021-05-05T10:08:54","guid":{"rendered":"http:\/\/www.mediaost.de\/?p=4704"},"modified":"2021-05-05T12:13:45","modified_gmt":"2021-05-05T10:13:45","slug":"medienschule-domachevo-slawatycze","status":"publish","type":"post","link":"https:\/\/www.mediaost.de\/en\/medienschule-domachevo-slawatycze\/","title":{"rendered":"Medienschule Domachevo &#8211; S\u0142awatycze"},"content":{"rendered":"<p style=\"text-align: justify;\">Das deutsch-polnisch-belarussische Projekt \u201eMedienschule Domachevo \u2013 S\u0142awatycze\u201c wurde konzipiert, um die Ausbildung junger Menschen im Bereich des lokalen Journalismus zu unterst\u00fctzen. Das Projekt lief von Mai bis November 2020.\u00a0W\u00e4hrend der zehnt\u00e4gigen Medienschule haben Lehrer aus Deutschland, Polen und Belarus mit polnischen und belarussischen Sch\u00fclerinnen und Sch\u00fclern, im Alter von 12 bis 17 Jahren, zusammengearbeiten. Sie brachten ihnen bei, wie man eine Online-Zeitung herausgibt und thematisierten die journalistische T\u00e4tigkeit am Beispiel deutscher Medien. Das Ergebnis war die Schaffung eines Medienstudios, in dem die Sch\u00fclerinnen und Sch\u00fcler beider Schulen eine gemeinsame Online-Zeitung in zwei Sprachen erstellt haben, um diese regelm\u00e4\u00dfig in Zukunft zu ver\u00f6ffentlichen.<\/p>\n<p style=\"text-align: justify;\"><a href=\"http:\/\/www.mediaost.de\/wp-content\/uploads\/2021\/04\/DSC_3212.jpg\"><img loading=\"lazy\" decoding=\"async\" class=\"alignleft size-large wp-image-4432\" alt=\"DSC_3212\" src=\"http:\/\/www.mediaost.de\/wp-content\/uploads\/2021\/04\/DSC_3212-1024x682.jpg\" width=\"960\" height=\"639\" srcset=\"https:\/\/www.mediaost.de\/wp-content\/uploads\/2021\/04\/DSC_3212-1024x682.jpg 1024w, https:\/\/www.mediaost.de\/wp-content\/uploads\/2021\/04\/DSC_3212-300x200.jpg 300w\" sizes=\"auto, (max-width: 960px) 100vw, 960px\" \/><\/a><\/p>\n<p><span style=\"color: #993300;\"><strong><a href=\"http:\/\/www.mediaost.de\/wp-content\/uploads\/2020\/08\/Pressemitteilung_Medienschule.pdf\"><span style=\"color: #993300;\">Pressemitteilung<\/span><\/a><\/strong><strong>,<\/strong>\u00a0<strong><a href=\"http:\/\/www.mediaost.de\/wp-content\/uploads\/2020\/08\/Informacja-prasowa_Szko\u0142a-medi\u00f3w.pdf\"><span style=\"color: #993300;\">Pressemitteilung auf Polnisch<\/span><\/a>,\u00a0<a href=\"http:\/\/www.mediaost.de\/wp-content\/uploads\/2020\/12\/Pressemitteilung_Medienschule_2.pdf\"><span style=\"color: #993300;\">2. Pressemitteilung<\/span><\/a><\/strong><\/span><\/p>\n<p><span style=\"color: #993300;\"><strong><a href=\"http:\/\/www.mediaost.de\/wp-content\/uploads\/2020\/08\/Pressemappe_Medienschule4.pdf\"><span style=\"color: #993300;\">Pressemappe<\/span><\/a><\/strong><strong>,<\/strong><strong>\u00a0<\/strong><strong><a href=\"http:\/\/www.mediaost.de\/wp-content\/uploads\/2020\/08\/Materia\u0142y-prasowe_Szko\u0142a-medi\u00f3w1.pdf\"><span style=\"color: #993300;\">Pressemappe auf Polnisch<\/span><\/a><\/strong><\/span><\/p>\n<p style=\"text-align: justify;\"><strong><span style=\"color: #888888;\">Die \u201eMedienschule Domachevo \u2013 S\u0142awatycze\u201c wurde von der Agentur Mediaost Events und Kommunikation GmbH, Berlin, der \u00f6ffentlichen Organisation \u201eEco-house\u201c, Brest, der Mittelschule Domachevo und der Allgemeinbildenden Schule in S\u0142awatycze mit Unterst\u00fctzung des Ausw\u00e4rtigen Amtes der Bundesrepublik Deutschland im Rahmen des Programms \u201e\u00d6stliche Partnerschaft und Russland\u201c organisiert.<\/span><\/strong><\/p>\n<p><a href=\"https:\/\/www.auswaertiges-amt.de\/de\/\"><img loading=\"lazy\" decoding=\"async\" class=\"aligncenter\" alt=\"aa\" src=\"http:\/\/www.mediaost.de\/wp-content\/uploads\/2014\/08\/aa-300x166.png\" width=\"240\" height=\"133\" \/><\/a><\/p>\n","protected":false},"excerpt":{"rendered":"<p>Das deutsch-polnisch-belarussische Projekt \u201eMedienschule Domachevo \u2013 S\u0142awatycze\u201c wurde konzipiert, um die Ausbildung junger Menschen im Bereich des lokalen Journalismus zu unterst\u00fctzen. Das Projekt lief von Mai bis November 2020.\u00a0W\u00e4hrend der zehnt\u00e4gigen Medienschule haben Lehrer aus Deutschland, Polen und Belarus mit polnischen und belarussischen Sch\u00fclerinnen und Sch\u00fclern, &hellip; <\/p>\n<p><a href=\"https:\/\/www.mediaost.de\/en\/medienschule-domachevo-slawatycze\/\" class=\"more-link\"><span class=\"morelink-icon\">Read more<\/span><\/a><\/p>\n","protected":false},"author":1,"featured_media":4558,"comment_status":"closed","ping_status":"closed","sticky":false,"template":"","format":"standard","meta":{"footnotes":""},"categories":[4,23],"tags":[],"class_list":["post-4704","post","type-post","status-publish","format-standard","has-post-thumbnail","hentry","category-bildung","category-gesellschaft"],"_links":{"self":[{"href":"https:\/\/www.mediaost.de\/en\/wp-json\/wp\/v2\/posts\/4704","targetHints":{"allow":["GET"]}}],"collection":[{"href":"https:\/\/www.mediaost.de\/en\/wp-json\/wp\/v2\/posts"}],"about":[{"href":"https:\/\/www.mediaost.de\/en\/wp-json\/wp\/v2\/types\/post"}],"author":[{"embeddable":true,"href":"https:\/\/www.mediaost.de\/en\/wp-json\/wp\/v2\/users\/1"}],"replies":[{"embeddable":true,"href":"https:\/\/www.mediaost.de\/en\/wp-json\/wp\/v2\/comments?post=4704"}],"version-history":[{"count":0,"href":"https:\/\/www.mediaost.de\/en\/wp-json\/wp\/v2\/posts\/4704\/revisions"}],"wp:featuredmedia":[{"embeddable":true,"href":"https:\/\/www.mediaost.de\/en\/wp-json\/wp\/v2\/media\/4558"}],"wp:attachment":[{"href":"https:\/\/www.mediaost.de\/en\/wp-json\/wp\/v2\/media?parent=4704"}],"wp:term":[{"taxonomy":"category","embeddable":true,"href":"https:\/\/www.mediaost.de\/en\/wp-json\/wp\/v2\/categories?post=4704"},{"taxonomy":"post_tag","embeddable":true,"href":"https:\/\/www.mediaost.de\/en\/wp-json\/wp\/v2\/tags?post=4704"}],"curies":[{"name":"wp","href":"https:\/\/api.w.org\/{rel}","templated":true}]}}