{"id":5303,"date":"2023-03-30T18:49:22","date_gmt":"2023-03-30T16:49:22","guid":{"rendered":"https:\/\/www.mediaost.de\/?p=5303"},"modified":"2023-03-30T19:03:31","modified_gmt":"2023-03-30T17:03:31","slug":"forum-der-sozialen-unternehmerinnen-deutschland-aserbaidschan-russland","status":"publish","type":"post","link":"https:\/\/www.mediaost.de\/en\/forum-der-sozialen-unternehmerinnen-deutschland-aserbaidschan-russland\/","title":{"rendered":"Forum der sozialen Unternehmerinnen. Deutschland &#8211; Aserbaidschan &#8211; Russland"},"content":{"rendered":"\n<figure class=\"wp-block-image size-full\"><img loading=\"lazy\" decoding=\"async\" width=\"640\" height=\"247\" src=\"https:\/\/www.mediaost.de\/wp-content\/uploads\/2023\/03\/Frauenforum_Pressemappe.jpg\" alt=\"\" class=\"wp-image-5305\" srcset=\"https:\/\/www.mediaost.de\/wp-content\/uploads\/2023\/03\/Frauenforum_Pressemappe.jpg 640w, https:\/\/www.mediaost.de\/wp-content\/uploads\/2023\/03\/Frauenforum_Pressemappe-300x116.jpg 300w, https:\/\/www.mediaost.de\/wp-content\/uploads\/2023\/03\/Frauenforum_Pressemappe-320x124.jpg 320w, https:\/\/www.mediaost.de\/wp-content\/uploads\/2023\/03\/Frauenforum_Pressemappe-480x185.jpg 480w\" sizes=\"auto, (max-width: 640px) 100vw, 640px\" \/><\/figure>\n\n\n\n<p>Am 8. und 9. Februar 2023 findet in Baku das 2. Internationale Frauenforum der sozialen Unternehmerinnen statt. Der Link zum Programm des Forums finden Sie&nbsp;<strong><a href=\"https:\/\/www.mediaost.de\/wp-content\/uploads\/2023\/01\/AGENDA-8-9feb_DEU.pdf\">hier<\/a><\/strong><\/p>\n\n\n\n<p>Wir laden&nbsp;soziale&nbsp;Unternehmerinnen, Gr\u00fcnderinnen von Nonprofit-Organisationen, Produzentinnen von sozialen,&nbsp;kulturellen und weiterbildenden Projekten aus Deutschland, Russland und Aserbaidschan&nbsp;zur Teilnahme am Projekt \u201eForum der sozialen Unternehmerinnen\u201c ein, die in Folgenden Bereichen t\u00e4tig sind:<\/p>\n\n\n\n<p><strong><a href=\"https:\/\/www.mediaost.de\/wp-content\/uploads\/2022\/12\/0312_Pressemitteilung_Frauenforum-1.pdf\">3. Pressemitteilung<\/a><\/strong><\/p>\n\n\n\n<p><strong><a href=\"https:\/\/www.mediaost.de\/wp-content\/uploads\/2022\/11\/3110_Pressemitteilung_Frauenforum_lekt_korr.pdf\">2. Pressemitteilung<\/a><\/strong><\/p>\n\n\n\n<p><strong><a href=\"https:\/\/www.mediaost.de\/wp-content\/uploads\/2022\/07\/Frauenforum_Pressemitteilung.pdf\">Pressemitteilung<\/a><\/strong><\/p>\n\n\n\n<p><strong><a href=\"https:\/\/www.mediaost.de\/wp-content\/uploads\/2022\/07\/Frauenforum_Pressemappe.pdf\">Pressemappe<\/a><\/strong><\/p>\n\n\n\n<p><strong><a href=\"https:\/\/www.mediaost.de\/wp-content\/uploads\/2022\/07\/Frauenforum_Programm.pdf\">Programm<\/a><\/strong><\/p>\n\n\n\n<div class=\"sp-wrap sp-wrap-default\">\n<div class=\"sp-head\" title=\"Expand\">\nweiterlesen\n<\/div>\n<div class=\"sp-body folded\">\n<p>\u2022 Soziale Projekte<br \/>\n\u2022 Zivilgesellschaft<br \/>\n\u2022 Frauen<br \/>\n\u2022 Bildung<br \/>\n\u2022 Kultur und Kunst<br \/>\n\u2022 \u00d6kologie<br \/>\n\u2022 Medien<br \/>\n\u2022 Kommunikation<br \/>\n\u2022 Gesundheitswesen<br \/>\n\u2022 Pers\u00f6nliche Entwicklung<\/p>\n<p>Das Projekt besteht aus einer Reihe von Online-Trainings f\u00fcr die Ausarbeitung von Ideen der Teilnehmerinnen f\u00fcr internationale Projekte, sowie Webinare und Workshops mit den Themen:<\/p>\n<p>\u2022 Erstellung von Business-Plan und Model<br \/>\n\u2022 Entwicklung eines Finanz- und Marketingplans<br \/>\n\u2022 Projektpr\u00e4sentation<br \/>\n\u2022 Operatives Projektmanagemant<br \/>\n\u2022 Kommunikation in Sozialen Medien<br \/>\n\u2022 F\u00f6rderung von gemeinn\u00fcziger Projekte<br \/>\n\u2022 Investments f\u00fcr Start Ups<\/p>\n<p dir=\"ltr\" style=\"text-align: justify;\">W\u00e4hrend der Trainings (Juli-August 2022) k\u00f6nnen die Teilnehmerinnen sich einen oder mehrere Partner ausw\u00e4hlen und Ideen f\u00fcr gemeinsame internationale Projekte in Mentorgruppen ausarbeiten. Die besten Ideen werden von den mitwirkenden Partnern im Rahmen eines Gesch\u00e4ftstreffens im Herbst 2022 in konkrete Projekte ausgearbeitet (genaue Zeit und Ortsangaben werden angegeben). Diese werden beim abschlie\u00dfendem Forum in Baku im Januar 2023 pr\u00e4sentiert. Das vielversprechendste Projekt erh\u00e4lt eine Pr\u00e4mie in H\u00f6he von 1000,00 Euro f\u00fcr die Entwicklung, sowie&nbsp;die M\u00f6glichkeit einen potenziellen Investor im Rahmen des Forums zu finden.<\/p>\n<p dir=\"ltr\" style=\"text-align: justify;\">Projektorganisatoren: der Gr\u00fcnder des internationalen Frauenforums des sozialen Unternehmens Mediaost Events und Kommunikation GmbH (www.mediaost.de), Internationales Zentrum f\u00fcr&nbsp;Entwicklung von frauengef\u00fchrten und sozialen Unternehmen WEIA (www.weia-world.com) und dem Bund von Frauenunternehmen Aserbaidschan (www.aqsia.az). Das Projekt findet mit der Unterst\u00fctzung&nbsp;des Au\u00dfenministerium Deutschland im Ramen des Programms \u201e\u00d6stliche Partnerschaft und Russland\u201c statt.<\/p>\n<p dir=\"ltr\" style=\"text-align: justify;\">Die Teilnahme am Forum ist kostenlos, einschlie\u00dflich der Trainings, Webinare und der Reisekosten der Teilnehmerinnen. \u00dcber das erste Frauenforum eines sozialen Unternehmens (Minsk 2020):&nbsp;<a href=\"\/?page_id=2115\"><span style=\"color: #993300;\"><strong>https:\/\/www.mediaost.de\/ru\/projects\/<\/strong><\/span><\/a><\/p>\n<p dir=\"ltr\" style=\"text-align: justify;\">F\u00fcr die Teilnahme an dem Projekt ist es notwendig einen Mitgliedsantrag <a href=\"https:\/\/forms.gle\/tutv9L9BGwCwaZfQA\"><span style=\"color: #993300;\"><strong>hier link<\/strong><\/span><\/a><\/p>\n<div class=\"spdiv\">[collapse]<\/div>\n<\/div>\n<\/div>\n\n","protected":false},"excerpt":{"rendered":"<p>Am 8. und 9. Februar 2023 findet in Baku das 2. Internationale Frauenforum der sozialen Unternehmerinnen statt. Der Link zum Programm des Forums finden Sie&nbsp;hier Wir laden&nbsp;soziale&nbsp;Unternehmerinnen, Gr\u00fcnderinnen von Nonprofit-Organisationen, Produzentinnen von sozialen,&nbsp;kulturellen und weiterbildenden Projekten aus Deutschland, Russland und Aserbaidschan&nbsp;zur Teilnahme am Projekt \u201eForum der &hellip; <\/p>\n<p><a href=\"https:\/\/www.mediaost.de\/en\/forum-der-sozialen-unternehmerinnen-deutschland-aserbaidschan-russland\/\" class=\"more-link\"><span class=\"morelink-icon\">Read more<\/span><\/a><\/p>\n","protected":false},"author":1,"featured_media":5305,"comment_status":"closed","ping_status":"closed","sticky":false,"template":"","format":"standard","meta":{"footnotes":""},"categories":[23],"tags":[],"class_list":["post-5303","post","type-post","status-publish","format-standard","has-post-thumbnail","hentry","category-gesellschaft"],"_links":{"self":[{"href":"https:\/\/www.mediaost.de\/en\/wp-json\/wp\/v2\/posts\/5303","targetHints":{"allow":["GET"]}}],"collection":[{"href":"https:\/\/www.mediaost.de\/en\/wp-json\/wp\/v2\/posts"}],"about":[{"href":"https:\/\/www.mediaost.de\/en\/wp-json\/wp\/v2\/types\/post"}],"author":[{"embeddable":true,"href":"https:\/\/www.mediaost.de\/en\/wp-json\/wp\/v2\/users\/1"}],"replies":[{"embeddable":true,"href":"https:\/\/www.mediaost.de\/en\/wp-json\/wp\/v2\/comments?post=5303"}],"version-history":[{"count":2,"href":"https:\/\/www.mediaost.de\/en\/wp-json\/wp\/v2\/posts\/5303\/revisions"}],"predecessor-version":[{"id":5309,"href":"https:\/\/www.mediaost.de\/en\/wp-json\/wp\/v2\/posts\/5303\/revisions\/5309"}],"wp:featuredmedia":[{"embeddable":true,"href":"https:\/\/www.mediaost.de\/en\/wp-json\/wp\/v2\/media\/5305"}],"wp:attachment":[{"href":"https:\/\/www.mediaost.de\/en\/wp-json\/wp\/v2\/media?parent=5303"}],"wp:term":[{"taxonomy":"category","embeddable":true,"href":"https:\/\/www.mediaost.de\/en\/wp-json\/wp\/v2\/categories?post=5303"},{"taxonomy":"post_tag","embeddable":true,"href":"https:\/\/www.mediaost.de\/en\/wp-json\/wp\/v2\/tags?post=5303"}],"curies":[{"name":"wp","href":"https:\/\/api.w.org\/{rel}","templated":true}]}}